{"id":18164,"date":"2018-06-07T05:01:50","date_gmt":"2018-06-07T05:01:50","guid":{"rendered":"https:\/\/www.demo.askahotels.com\/ramazan-aslan-turizme-sahip-cikip-korumaliyiz\/"},"modified":"2022-12-26T21:39:21","modified_gmt":"2022-12-26T21:39:21","slug":"ramazan-aslan-turizme-sahip-cikip-korumaliyiz","status":"publish","type":"post","link":"https:\/\/www.askahotels.com\/de\/2018\/06\/ramazan-aslan-turizme-sahip-cikip-korumaliyiz\/","title":{"rendered":"Ramazan ASLAN \u201eWir m\u00fcssen den Tourismus sch\u00fctzen und sch\u00fctzen"},"content":{"rendered":"<style><\/style>\t\t<div data-elementor-type=\"wp-post\" data-elementor-id=\"18164\" class=\"elementor elementor-18164 elementor-83\">\n\t\t\t\t\t\t<section class=\"elementor-section elementor-top-section elementor-element elementor-element-36b2f41a elementor-section-boxed elementor-section-height-default elementor-section-height-default\" data-id=\"36b2f41a\" data-element_type=\"section\" data-settings=\"{&quot;hoteller_ext_is_background_parallax&quot;:&quot;false&quot;,&quot;hoteller_ext_is_background_on_scroll&quot;:&quot;false&quot;}\">\n\t\t\t\t\t\t<div class=\"elementor-container elementor-column-gap-default\">\n\t\t\t\t\t<div class=\"elementor-column elementor-col-100 elementor-top-column elementor-element elementor-element-424a768e\" data-id=\"424a768e\" data-element_type=\"column\" data-settings=\"{&quot;hoteller_ext_link_sidemenu&quot;:&quot;false&quot;,&quot;hoteller_ext_link_fullmenu&quot;:&quot;false&quot;,&quot;hoteller_ext_link_closed_fullmenu&quot;:&quot;false&quot;,&quot;hoteller_ext_is_scrollme&quot;:&quot;false&quot;,&quot;hoteller_ext_is_smoove&quot;:&quot;false&quot;,&quot;hoteller_ext_is_parallax_mouse&quot;:&quot;false&quot;,&quot;hoteller_ext_is_infinite&quot;:&quot;false&quot;,&quot;hoteller_ext_is_fadeout_animation&quot;:&quot;false&quot;,&quot;hoteller_ext_mobile_static&quot;:&quot;false&quot;}\">\n\t\t\t<div class=\"elementor-widget-wrap elementor-element-populated\">\n\t\t\t\t\t\t<div class=\"elementor-element elementor-element-74ce1f99 elementor-widget elementor-widget-text-editor\" data-id=\"74ce1f99\" data-element_type=\"widget\" data-settings=\"{&quot;hoteller_ext_link_sidemenu&quot;:&quot;false&quot;,&quot;hoteller_ext_link_fullmenu&quot;:&quot;false&quot;,&quot;hoteller_ext_link_closed_fullmenu&quot;:&quot;false&quot;,&quot;hoteller_ext_is_scrollme&quot;:&quot;false&quot;,&quot;hoteller_ext_is_smoove&quot;:&quot;false&quot;,&quot;hoteller_ext_is_parallax_mouse&quot;:&quot;false&quot;,&quot;hoteller_ext_is_infinite&quot;:&quot;false&quot;,&quot;hoteller_ext_is_fadeout_animation&quot;:&quot;false&quot;,&quot;hoteller_ext_mobile_static&quot;:&quot;false&quot;}\" data-widget_type=\"text-editor.default\">\n\t\t\t\t<div class=\"elementor-widget-container\">\n\t\t\t\t\t\t\t<h3 class=\"c-lead\">Ramazan Aslan &#8222;Turizme sahip \u00e7\u0131k\u0131p korumal\u0131y\u0131z&#8220; \u00a0Aska Hotels Y\u00f6netim Kurulu Ba\u015fkan\u0131 Ramazan Aslan, erken rezervasyon verilerinin memnun edici oldu\u011funu s\u00f6yledi.\u00a0<\/h3>\n<p>\u00a0<\/p>\n<!-- wp:paragraph -->\n<p>&#8222;2018&#8217;de iyi hizmetimize devam etmeliyiz. Kaliteden tav\u0131z vermezsek 2019 ve 2020&#8217;de bu ivmenin devam\u0131 gelir&#8220; dedi. TOURISMTODAY HABER Aska Hotels Y\u00f6netim Kurulu Ba\u015fkan\u0131 Ramazan Aslan. Almanya pazar\u0131nda erken rezervasyonlar\u0131na bak\u0131ld\u0131\u011f\u0131 zaman \u00f6zlenen tablonun g\u00f6r\u00fclebilece\u011fini s\u00f6yledi Aslan: &#8222;\u015eu anki veriler 2018 i\u00e7in \u00e7ok memnun edici Kendimiz a\u00e7\u0131s\u0131ndan olumlu giden bu havay\u0131 m\u00fc\u015fterimize olumlu bir \u015fekilde yans\u0131tmal\u0131y\u0131z Kaliteden tav\u0131z vermemeliyiz ki 2019 ve 2020&#8217;de bu ivmenin devam\u0131 gelsin&#8220; dedi. &#8222;Misafirlerimize fazlas\u0131n\u0131 veriyoruz&#8220; &#8222;Almanya, eskiden ben yak\u0131n i\u015fbirli\u011fi i\u00e7inde oldu\u011fumuz bir \u00fclke&#8220; diye konu\u015fan Aslan. &#8222;Almanlar. T\u00fcrkiye turizminin olmazsa olmaz\u0131d\u0131r. U\u00e7 y\u0131ld\u0131r geriye giden Almanya pazar\u0131 can\u0131m\u0131z\u0131 ac\u0131tt\u0131 \u015eu an yanan \u0131\u015f\u0131\u011fa s\u0131k\u0131 s\u0131k\u0131ya sar\u0131lmal\u0131y\u0131z Kaybetti\u011fimiz enerjiyi yakalamak \u00fczereyken de alt yap\u0131y\u0131 olu\u015fturmal\u0131y\u0131z Otellerimiz kategorilerinin gerekliliklerini yerme getirmeli Oteller 5 y\u0131ld\u0131zsa 5 y\u0131ld\u0131z\u0131n. 4 y\u0131ld\u0131zl\u0131ysa 4 y\u0131ld\u0131z\u0131n taahh\u00fct etti\u011fini vererek devam etmeli Misafirlerimize \u00f6dedi\u011fi paran\u0131n fazlas\u0131n\u0131 veriyoruz. Misafirler de \u00f6dedi\u011fi paran\u0131n kar\u015f\u0131l\u0131\u011f\u0131n\u0131 fazlas\u0131 ile ald\u0131\u011f\u0131 i\u00e7in geliyor&#8220; \u015feklinde konu\u015ftu. &#8222;Pazarlar birbirini tetikler&#8220; T\u00fcrkiye&#8217;ye kar\u015f\u0131 \u0131lg\u0131n\u0131n Almanya pazar\u0131n\u0131n hareketlenmesinde \u00f6nemli bir etken oldu\u011funu s\u00f6yleyen Aslan. &#8222;Erken rezervasyonlarda Almanya pazar\u0131 d\u0131\u015f\u0131ndaki pazarlar\u0131n iyi gitmesi ve \u00f6zellikle Rusya&#8217;n\u0131n \u00e7ok iyi gitmesi Almanya pazar\u0131n\u0131n hareketlenmesinde \u00f6nemli bir nedendir&#8220; dedi Pazarlar\u0131n birbirini tet\u0131kled\u0131\u011f\u0131n\u0131 aktaran Aslan. &#8222;Erken rezervasyonlar bu kadar iyi olmasayd\u0131 T\u00fcrkiye ye ilgi artmazd\u0131 Erken rezervasyonla yerlerini ay\u0131rtanlar yar\u0131n yer bulamama endi\u015fesi ya\u015famaz&#8220; diye konu\u015ftu &#8222;B\u00fcy\u00fcmeye devam edece\u011fiz&#8220; Ramazan Aslan, yeni yat\u0131r\u0131mlar yapaca\u011f\u0131n\u0131n sinyalini de verdi &#8222;Aska Hotels olarak 2016 da k\u00fc\u00e7\u00fcld\u00fck. Biz \u015fu an 2018\u0131 \u00e7al\u0131\u015fan y\u0131l\u0131 olarak ilan ediyoruz 1000 \u00e7al\u0131\u015fanla yollar\u0131m\u0131z ay\u0131rm\u0131\u015ft\u0131k Bundan sonra b\u00fcy\u00fcmeye devam edece\u011fiz Arz talep dengesine bakaca\u011f\u0131z ve Aska Hotels orada olacak. Talebin olmad\u0131\u011f\u0131 bir yerde yat\u0131r\u0131m yapmak istemiyoruz. T\u00fcrkiye&#8217;de talep soz konusu ise T\u00fcrkiye de yat\u0131r\u0131m yapaca\u011f\u0131z Ama neden Avrupa da olmayal\u0131m Avrupa n\u0131n her ba\u015fkentinde bir Aska Hotels neden olmas\u0131n Ticaret yapmak cesaret ister \u00c7unku risk ta\u015f\u0131yorsunuz. Ticarette kazanmak da var kaybetmek de Dolay\u0131s\u0131 ile alg\u0131y\u0131 \u00e7ok a\u00e7\u0131k tutmak laz\u0131m. Talep nerede varsa s\u0131z\u0131n orada olman\u0131z laz\u0131m Talebin olmad\u0131\u011f\u0131 bir yerde yat\u0131r\u0131m yaparsan\u0131z kendinize zarar verirsiniz.&#8220; &#8222;Bu sekt\u00f6re sahip \u00e7\u0131kmal\u0131y\u0131z&#8220; T\u00fcrkiye i\u00e7in turizmin \u00f6nemine de de\u011finen deneyimli turizmci. T\u00fcrkiye de turizm sekt\u00f6r\u00fcn\u00fcn korunmas\u0131 gerekti\u011fini s\u00f6yledi Aslan: &#8222;Bu \u00fclke var oldu\u011fu surece turizm bitmez. Biz bu sekt\u00f6re sahip \u00e7\u0131kmal\u0131y\u0131z. Milyonlarca insan bu sekt\u00f6rden ve yan sekt\u00f6rlerinden evine ekmek g\u00f6t\u00fcr\u00fcyor Onlarca sekt\u00f6r turizme ba\u011fl\u0131 Bu sekt\u00f6re sahip \u00e7\u0131k\u0131p iyi korumal\u0131y\u0131z&#8220; diye konu\u015ftu.<\/p>\n<!-- \/wp:paragraph -->\t\t\t\t\t\t<\/div>\n\t\t\t\t<\/div>\n\t\t\t\t\t<\/div>\n\t\t<\/div>\n\t\t\t\t\t<\/div>\n\t\t<\/section>\n\t\t\t\t<\/div>\n\t\t","protected":false},"excerpt":{"rendered":"<p>Ramazan Aslan \u201eWir m\u00fcssen den Tourismus sch\u00fctzen und sch\u00fctzen\u201c Der Vorstandsvorsitzende von Aska Hotels, Ramazan Aslan, sagte, dass die Fr\u00fchbucherdaten zufriedenstellend seien. \u00a0 \u201eWir m\u00fcssen unseren guten Service auch 2018 fortsetzen. Wenn wir bei der Qualit\u00e4t keine Kompromisse eingehen, wird [&hellip;]<\/p>\n","protected":false},"author":1,"featured_media":12474,"comment_status":"closed","ping_status":"closed","sticky":false,"template":"","format":"standard","meta":{"inline_featured_image":false,"footnotes":""},"categories":[45],"tags":[],"class_list":["post-18164","post","type-post","status-publish","format-standard","has-post-thumbnail","hentry","category-nachrichten"],"_links":{"self":[{"href":"https:\/\/www.askahotels.com\/de\/wp-json\/wp\/v2\/posts\/18164","targetHints":{"allow":["GET"]}}],"collection":[{"href":"https:\/\/www.askahotels.com\/de\/wp-json\/wp\/v2\/posts"}],"about":[{"href":"https:\/\/www.askahotels.com\/de\/wp-json\/wp\/v2\/types\/post"}],"author":[{"embeddable":true,"href":"https:\/\/www.askahotels.com\/de\/wp-json\/wp\/v2\/users\/1"}],"replies":[{"embeddable":true,"href":"https:\/\/www.askahotels.com\/de\/wp-json\/wp\/v2\/comments?post=18164"}],"version-history":[{"count":3,"href":"https:\/\/www.askahotels.com\/de\/wp-json\/wp\/v2\/posts\/18164\/revisions"}],"predecessor-version":[{"id":18167,"href":"https:\/\/www.askahotels.com\/de\/wp-json\/wp\/v2\/posts\/18164\/revisions\/18167"}],"wp:featuredmedia":[{"embeddable":true,"href":"https:\/\/www.askahotels.com\/de\/wp-json\/wp\/v2\/media\/12474"}],"wp:attachment":[{"href":"https:\/\/www.askahotels.com\/de\/wp-json\/wp\/v2\/media?parent=18164"}],"wp:term":[{"taxonomy":"category","embeddable":true,"href":"https:\/\/www.askahotels.com\/de\/wp-json\/wp\/v2\/categories?post=18164"},{"taxonomy":"post_tag","embeddable":true,"href":"https:\/\/www.askahotels.com\/de\/wp-json\/wp\/v2\/tags?post=18164"}],"curies":[{"name":"wp","href":"https:\/\/api.w.org\/{rel}","templated":true}]}}